{"id":7654,"date":"2023-05-08T12:39:54","date_gmt":"2023-05-08T16:39:54","guid":{"rendered":"https:\/\/marimaca.com\/marimaca-announces-cfo-transition-and-appointment-of-managing-director-chile\/"},"modified":"2026-03-24T07:01:38","modified_gmt":"2026-03-24T11:01:38","slug":"marimaca-announces-cfo-transition-and-appointment-of-managing-director-chile","status":"publish","type":"post","link":"https:\/\/marimaca.com\/es\/marimaca-announces-cfo-transition-and-appointment-of-managing-director-chile\/","title":{"rendered":"Marimaca Anuncia la Transici\u00f3n del CFO y el Nombramiento del Director General en Chile"},"content":{"rendered":"<p><b><span dir=\"auto\">Vancouver, Columbia Brit\u00e1nica, 8 de mayo de 2023 \u2013 Marimaca Copper Corp. (\u201cMarimaca Copper\u201d o la \u201cCompa\u00f1\u00eda\u201d)\u00a0<\/span><\/b><span dir=\"auto\"><b>(TSX: MARI)\u00a0<\/b>anuncia cambios en su equipo directivo ejecutivo: Petra Decher deja su cargo como Directora Financiera de la Compa\u00f1\u00eda y Jos\u00e9 Antonio Merino es nombrado Director General para Chile y Director Financiero Interino.\u00a0<\/span><b><br \/>\n<\/b><b><\/b><\/p>\n<p><span dir=\"auto\">La Sra. Decher ha ejercido como Directora Financiera desde el 26 de abril de 2021, y anteriormente fue miembro del Consejo de Administraci\u00f3n de Marimaca. La Sra. Decher ha brindado un liderazgo fundamental durante el progreso de la Compa\u00f1\u00eda hacia el desarrollo del Proyecto de Cobre Marimaca (el \u201cProyecto\u201d) y la Compa\u00f1\u00eda desea agradecerle sus contribuciones.<\/span><\/p>\n<p><span dir=\"auto\">El Sr. Merino, quien tendr\u00e1 su sede en Chile, aporta m\u00e1s de 15 a\u00f1os de experiencia internacional y local al equipo de Marimaca. Antes de unirse a Marimaca, el Sr. Merino se desempe\u00f1\u00f3 como Gerente General de Desarrollo de Negocios y Fusiones y Adquisiciones en SQM, la importante empresa minera y qu\u00edmica chilena y una de las mayores productoras de litio del mundo. Como Director General para Chile, el Sr. Merino supervisar\u00e1 todas las actividades comerciales, financieras, administrativas y operativas en el pa\u00eds durante el desarrollo del Proyecto Marimaca. El Sr. Merino actuar\u00e1 como Director Financiero Interino mientras la empresa busca un titular permanente. El Sr. Merino es Ingeniero Civil de formaci\u00f3n y ha ocupado diversos cargos directivos en la industria de los recursos naturales en las \u00e1reas de Desarrollo de Proyectos, Fusiones y Adquisiciones, Finanzas Corporativas y Asesor\u00eda.\u00a0<\/span><\/p>\n<p><b><i><span dir=\"auto\">Michael Haworth, presidente de Marimaca Copper, coment\u00f3:<\/span><\/i><\/b><\/p>\n<p><i><span dir=\"auto\">\u201cQueremos agradecer a Petra sus valiosas contribuciones como miembro del equipo ejecutivo de Marimaca durante los \u00faltimos dos a\u00f1os y, anteriormente, como miembro del Consejo de Administraci\u00f3n. Ha sido una pieza clave del equipo durante la transici\u00f3n de la compa\u00f1\u00eda de exploradora a desarrolladora, y deja una excelente base para la siguiente fase de desarrollo de Marimaca.\u201d\u00a0<\/span><\/i><\/p>\n<p><i><span dir=\"auto\">Nos complace dar la bienvenida a Jos\u00e9 Antonio al equipo. Su experiencia y visi\u00f3n comercial ser\u00e1n de gran valor durante esta pr\u00f3xima fase crucial en el camino de Marimaca hacia convertirse en un productor de cobre de alta calidad. La compa\u00f1\u00eda est\u00e1 reduciendo r\u00e1pidamente los riesgos del proyecto Marimaca y el liderazgo de Jos\u00e9 Antonio ser\u00e1 fundamental para alcanzar nuestros pr\u00f3ximos hitos clave, incluyendo la presentaci\u00f3n de solicitudes de permisos, el Estudio de Factibilidad Definitivo previsto y las conversaciones sobre financiaci\u00f3n estrat\u00e9gica.<\/span><\/i><\/p>\n<p>&nbsp;<\/p>\n<p><b><span dir=\"auto\">Informaci\u00f3n del contacto<\/span><\/b><\/p>\n<p><span dir=\"auto\">Para obtener m\u00e1s informaci\u00f3n, visite www.marimaca.com o p\u00f3ngase en contacto con:<\/span><\/p>\n<p>&nbsp;<\/p>\n<p><b><span dir=\"auto\">Tavistock\u00a0<\/span><\/b><\/p>\n<p><b><span dir=\"auto\">+44 (0) 207 920 3150<\/span><\/b><\/p>\n<p><span dir=\"auto\">Emily Moss \/ Adam Baynes<\/span><\/p>\n<p><span dir=\"auto\">marimata@tavistock.co.uk<\/span><\/p>\n<p>&nbsp;<\/p>\n<p><b><span dir=\"auto\">Declaraciones prospectivas<\/span><\/b><\/p>\n<p><span dir=\"auto\">Este comunicado de prensa incluye ciertas \u00abdeclaraciones prospectivas\u00bb conforme a la legislaci\u00f3n canadiense aplicable en materia de valores. No se puede garantizar que dichas declaraciones sean precisas, y los resultados reales y los eventos futuros podr\u00edan diferir sustancialmente de los previstos en ellas. Las declaraciones prospectivas reflejan las creencias, opiniones y proyecciones a la fecha de su emisi\u00f3n y se basan en una serie de supuestos y estimaciones que, si bien Marimaca Copper considera razonables, est\u00e1n inherentemente sujetas a importantes incertidumbres y\u00a0<\/span><span dir=\"auto\">contingencias comerciales, econ\u00f3micas, competitivas, pol\u00edticas y sociales. Numerosos factores, tanto conocidos como desconocidos, podr\u00edan provocar que los resultados, el desempe\u00f1o o los logros reales difieran sustancialmente de los expresados \u200b\u200bo impl\u00edcitos en dichas declaraciones prospectivas, y las partes han formulado supuestos y estimaciones basados \u200b\u200ben muchos de estos factores o relacionados con ellos. Estos factores incluyen, entre otros: riesgos relacionados con el precio de las acciones y las condiciones del mercado, los riesgos inherentes a la miner\u00eda, exploraci\u00f3n y desarrollo de propiedades minerales, las incertidumbres en la interpretaci\u00f3n de los resultados de perforaci\u00f3n y otros datos geol\u00f3gicos, la fluctuaci\u00f3n de los precios de los metales, la posibilidad de retrasos en los proyectos o sobrecostos, o costos operativos y gastos excesivos imprevistos, incertidumbres relacionadas con la necesidad de financiamiento, la disponibilidad y los costos del financiamiento necesario en el futuro, as\u00ed como los factores divulgados en el formulario de informaci\u00f3n anual de la Compa\u00f1\u00eda con fecha del 27 de marzo de 2023, el prospecto base abreviado final y otros documentos presentados por la Compa\u00f1\u00eda ante las autoridades reguladoras de valores canadienses (que pueden consultarse en www.sedar.com). Por consiguiente, los lectores no deben depositar una confianza indebida en las declaraciones prospectivas. Marimaca Copper no asume ninguna obligaci\u00f3n de actualizar p\u00fablicamente ni de revisar de otro modo las declaraciones prospectivas contenidas en este documento, ya sea como resultado de nueva informaci\u00f3n o eventos futuros o de otro modo, salvo que lo exija la ley.<\/span><\/p>\n<p><span dir=\"auto\">Ni la Bolsa de Valores de Toronto ni la Organizaci\u00f3n Reguladora de la Industria de Inversiones de Canad\u00e1 asumen responsabilidad alguna por la idoneidad o exactitud de este comunicado.<\/span><\/p>\n","protected":false},"excerpt":{"rendered":"<p>Vancouver, Columbia Brit\u00e1nica, 8 de mayo de 2023 \u2013 Marimaca Copper Corp. (\u201cMarimaca Copper\u201d o la \u201cCompa\u00f1\u00eda\u201d)\u00a0(TSX: MARI)\u00a0anuncia cambios en su equipo directivo ejecutivo: Petra Decher deja su cargo como Directora Financiera de la Compa\u00f1\u00eda y Jos\u00e9 Antonio Merino es nombrado Director General para Chile y Director Financiero Interino.\u00a0 La Sra. Decher ha ejercido como [&hellip;]<\/p>\n","protected":false},"author":6,"featured_media":1057,"comment_status":"closed","ping_status":"closed","sticky":false,"template":"","format":"standard","meta":{"_acf_changed":false,"inline_featured_image":false,"footnotes":""},"categories":[3],"tags":[],"period":[123],"class_list":["post-7654","post","type-post","status-publish","format-standard","has-post-thumbnail","hentry","category-sin-categorizar","period-123"],"acf":[],"yoast_head":"<!-- This site is optimized with the Yoast SEO plugin v27.4 - https:\/\/yoast.com\/product\/yoast-seo-wordpress\/ -->\n<title>Marimaca Anuncia la Transici\u00f3n del CFO y el Nombramiento del Director General en Chile - Marimaca<\/title>\n<meta name=\"robots\" content=\"index, follow, max-snippet:-1, max-image-preview:large, max-video-preview:-1\" \/>\n<link rel=\"canonical\" href=\"https:\/\/marimaca.com\/es\/marimaca-announces-cfo-transition-and-appointment-of-managing-director-chile\/\" \/>\n<meta property=\"og:locale\" content=\"es_ES\" \/>\n<meta property=\"og:type\" content=\"article\" \/>\n<meta property=\"og:title\" content=\"Marimaca Anuncia la Transici\u00f3n del CFO y el Nombramiento del Director General en Chile - Marimaca\" \/>\n<meta property=\"og:description\" content=\"Vancouver, Columbia Brit\u00e1nica, 8 de mayo de 2023 \u2013 Marimaca Copper Corp. (\u201cMarimaca Copper\u201d o la \u201cCompa\u00f1\u00eda\u201d)\u00a0(TSX: MARI)\u00a0anuncia cambios en su equipo directivo ejecutivo: Petra Decher deja su cargo como Directora Financiera de la Compa\u00f1\u00eda y Jos\u00e9 Antonio Merino es nombrado Director General para Chile y Director Financiero Interino.\u00a0 La Sra. Decher ha ejercido como [&hellip;]\" \/>\n<meta property=\"og:url\" content=\"https:\/\/marimaca.com\/es\/marimaca-announces-cfo-transition-and-appointment-of-managing-director-chile\/\" \/>\n<meta property=\"og:site_name\" content=\"Marimaca\" \/>\n<meta property=\"article:published_time\" content=\"2023-05-08T16:39:54+00:00\" \/>\n<meta property=\"article:modified_time\" content=\"2026-03-24T11:01:38+00:00\" \/>\n<meta property=\"og:image\" content=\"https:\/\/marimaca.com\/wp-content\/uploads\/2020\/09\/20-9-28.jpg\" \/>\n\t<meta property=\"og:image:width\" content=\"1920\" \/>\n\t<meta property=\"og:image:height\" content=\"1440\" \/>\n\t<meta property=\"og:image:type\" content=\"image\/jpeg\" \/>\n<meta name=\"author\" content=\"Antonio Serrano\" \/>\n<meta name=\"twitter:card\" content=\"summary_large_image\" \/>\n<meta name=\"twitter:label1\" content=\"Escrito por\" \/>\n\t<meta name=\"twitter:data1\" content=\"Antonio Serrano\" \/>\n\t<meta name=\"twitter:label2\" content=\"Tiempo de lectura\" \/>\n\t<meta name=\"twitter:data2\" content=\"4 minutos\" \/>\n<script type=\"application\/ld+json\" class=\"yoast-schema-graph\">{\"@context\":\"https:\\\/\\\/schema.org\",\"@graph\":[{\"@type\":\"Article\",\"@id\":\"https:\\\/\\\/marimaca.com\\\/es\\\/marimaca-announces-cfo-transition-and-appointment-of-managing-director-chile\\\/#article\",\"isPartOf\":{\"@id\":\"https:\\\/\\\/marimaca.com\\\/es\\\/marimaca-announces-cfo-transition-and-appointment-of-managing-director-chile\\\/\"},\"author\":{\"name\":\"Antonio Serrano\",\"@id\":\"https:\\\/\\\/marimaca.com\\\/es\\\/#\\\/schema\\\/person\\\/1b14a2c79ba226e74d6a7e418fe9e7b9\"},\"headline\":\"Marimaca Anuncia la Transici\u00f3n del CFO y el Nombramiento del Director General en Chile\",\"datePublished\":\"2023-05-08T16:39:54+00:00\",\"dateModified\":\"2026-03-24T11:01:38+00:00\",\"mainEntityOfPage\":{\"@id\":\"https:\\\/\\\/marimaca.com\\\/es\\\/marimaca-announces-cfo-transition-and-appointment-of-managing-director-chile\\\/\"},\"wordCount\":834,\"image\":{\"@id\":\"https:\\\/\\\/marimaca.com\\\/es\\\/marimaca-announces-cfo-transition-and-appointment-of-managing-director-chile\\\/#primaryimage\"},\"thumbnailUrl\":\"https:\\\/\\\/marimaca.com\\\/wp-content\\\/uploads\\\/2020\\\/09\\\/20-9-28.jpg\",\"articleSection\":[\"Sin categorizar\"],\"inLanguage\":\"es\"},{\"@type\":\"WebPage\",\"@id\":\"https:\\\/\\\/marimaca.com\\\/es\\\/marimaca-announces-cfo-transition-and-appointment-of-managing-director-chile\\\/\",\"url\":\"https:\\\/\\\/marimaca.com\\\/es\\\/marimaca-announces-cfo-transition-and-appointment-of-managing-director-chile\\\/\",\"name\":\"Marimaca Anuncia la Transici\u00f3n del CFO y el Nombramiento del Director General en Chile - Marimaca\",\"isPartOf\":{\"@id\":\"https:\\\/\\\/marimaca.com\\\/es\\\/#website\"},\"primaryImageOfPage\":{\"@id\":\"https:\\\/\\\/marimaca.com\\\/es\\\/marimaca-announces-cfo-transition-and-appointment-of-managing-director-chile\\\/#primaryimage\"},\"image\":{\"@id\":\"https:\\\/\\\/marimaca.com\\\/es\\\/marimaca-announces-cfo-transition-and-appointment-of-managing-director-chile\\\/#primaryimage\"},\"thumbnailUrl\":\"https:\\\/\\\/marimaca.com\\\/wp-content\\\/uploads\\\/2020\\\/09\\\/20-9-28.jpg\",\"datePublished\":\"2023-05-08T16:39:54+00:00\",\"dateModified\":\"2026-03-24T11:01:38+00:00\",\"author\":{\"@id\":\"https:\\\/\\\/marimaca.com\\\/es\\\/#\\\/schema\\\/person\\\/1b14a2c79ba226e74d6a7e418fe9e7b9\"},\"inLanguage\":\"es\",\"potentialAction\":[{\"@type\":\"ReadAction\",\"target\":[\"https:\\\/\\\/marimaca.com\\\/es\\\/marimaca-announces-cfo-transition-and-appointment-of-managing-director-chile\\\/\"]}]},{\"@type\":\"ImageObject\",\"inLanguage\":\"es\",\"@id\":\"https:\\\/\\\/marimaca.com\\\/es\\\/marimaca-announces-cfo-transition-and-appointment-of-managing-director-chile\\\/#primaryimage\",\"url\":\"https:\\\/\\\/marimaca.com\\\/wp-content\\\/uploads\\\/2020\\\/09\\\/20-9-28.jpg\",\"contentUrl\":\"https:\\\/\\\/marimaca.com\\\/wp-content\\\/uploads\\\/2020\\\/09\\\/20-9-28.jpg\",\"width\":1920,\"height\":1440},{\"@type\":\"WebSite\",\"@id\":\"https:\\\/\\\/marimaca.com\\\/es\\\/#website\",\"url\":\"https:\\\/\\\/marimaca.com\\\/es\\\/\",\"name\":\"Marimaca\",\"description\":\"The Marimaca Copper\",\"potentialAction\":[{\"@type\":\"SearchAction\",\"target\":{\"@type\":\"EntryPoint\",\"urlTemplate\":\"https:\\\/\\\/marimaca.com\\\/es\\\/?s={search_term_string}\"},\"query-input\":{\"@type\":\"PropertyValueSpecification\",\"valueRequired\":true,\"valueName\":\"search_term_string\"}}],\"inLanguage\":\"es\"},{\"@type\":\"Person\",\"@id\":\"https:\\\/\\\/marimaca.com\\\/es\\\/#\\\/schema\\\/person\\\/1b14a2c79ba226e74d6a7e418fe9e7b9\",\"name\":\"Antonio Serrano\",\"image\":{\"@type\":\"ImageObject\",\"inLanguage\":\"es\",\"@id\":\"https:\\\/\\\/secure.gravatar.com\\\/avatar\\\/?s=96&d=mm&r=g\",\"url\":\"https:\\\/\\\/secure.gravatar.com\\\/avatar\\\/?s=96&d=mm&r=g\",\"contentUrl\":\"https:\\\/\\\/secure.gravatar.com\\\/avatar\\\/?s=96&d=mm&r=g\",\"caption\":\"Antonio Serrano\"},\"url\":\"https:\\\/\\\/marimaca.com\\\/es\\\/author\\\/admin-marimaca\\\/\"}]}<\/script>\n<!-- \/ Yoast SEO plugin. -->","yoast_head_json":{"title":"Marimaca Anuncia la Transici\u00f3n del CFO y el Nombramiento del Director General en Chile - Marimaca","robots":{"index":"index","follow":"follow","max-snippet":"max-snippet:-1","max-image-preview":"max-image-preview:large","max-video-preview":"max-video-preview:-1"},"canonical":"https:\/\/marimaca.com\/es\/marimaca-announces-cfo-transition-and-appointment-of-managing-director-chile\/","og_locale":"es_ES","og_type":"article","og_title":"Marimaca Anuncia la Transici\u00f3n del CFO y el Nombramiento del Director General en Chile - Marimaca","og_description":"Vancouver, Columbia Brit\u00e1nica, 8 de mayo de 2023 \u2013 Marimaca Copper Corp. (\u201cMarimaca Copper\u201d o la \u201cCompa\u00f1\u00eda\u201d)\u00a0(TSX: MARI)\u00a0anuncia cambios en su equipo directivo ejecutivo: Petra Decher deja su cargo como Directora Financiera de la Compa\u00f1\u00eda y Jos\u00e9 Antonio Merino es nombrado Director General para Chile y Director Financiero Interino.\u00a0 La Sra. Decher ha ejercido como [&hellip;]","og_url":"https:\/\/marimaca.com\/es\/marimaca-announces-cfo-transition-and-appointment-of-managing-director-chile\/","og_site_name":"Marimaca","article_published_time":"2023-05-08T16:39:54+00:00","article_modified_time":"2026-03-24T11:01:38+00:00","og_image":[{"width":1920,"height":1440,"url":"https:\/\/marimaca.com\/wp-content\/uploads\/2020\/09\/20-9-28.jpg","type":"image\/jpeg"}],"author":"Antonio Serrano","twitter_card":"summary_large_image","twitter_misc":{"Escrito por":"Antonio Serrano","Tiempo de lectura":"4 minutos"},"schema":{"@context":"https:\/\/schema.org","@graph":[{"@type":"Article","@id":"https:\/\/marimaca.com\/es\/marimaca-announces-cfo-transition-and-appointment-of-managing-director-chile\/#article","isPartOf":{"@id":"https:\/\/marimaca.com\/es\/marimaca-announces-cfo-transition-and-appointment-of-managing-director-chile\/"},"author":{"name":"Antonio Serrano","@id":"https:\/\/marimaca.com\/es\/#\/schema\/person\/1b14a2c79ba226e74d6a7e418fe9e7b9"},"headline":"Marimaca Anuncia la Transici\u00f3n del CFO y el Nombramiento del Director General en Chile","datePublished":"2023-05-08T16:39:54+00:00","dateModified":"2026-03-24T11:01:38+00:00","mainEntityOfPage":{"@id":"https:\/\/marimaca.com\/es\/marimaca-announces-cfo-transition-and-appointment-of-managing-director-chile\/"},"wordCount":834,"image":{"@id":"https:\/\/marimaca.com\/es\/marimaca-announces-cfo-transition-and-appointment-of-managing-director-chile\/#primaryimage"},"thumbnailUrl":"https:\/\/marimaca.com\/wp-content\/uploads\/2020\/09\/20-9-28.jpg","articleSection":["Sin categorizar"],"inLanguage":"es"},{"@type":"WebPage","@id":"https:\/\/marimaca.com\/es\/marimaca-announces-cfo-transition-and-appointment-of-managing-director-chile\/","url":"https:\/\/marimaca.com\/es\/marimaca-announces-cfo-transition-and-appointment-of-managing-director-chile\/","name":"Marimaca Anuncia la Transici\u00f3n del CFO y el Nombramiento del Director General en Chile - Marimaca","isPartOf":{"@id":"https:\/\/marimaca.com\/es\/#website"},"primaryImageOfPage":{"@id":"https:\/\/marimaca.com\/es\/marimaca-announces-cfo-transition-and-appointment-of-managing-director-chile\/#primaryimage"},"image":{"@id":"https:\/\/marimaca.com\/es\/marimaca-announces-cfo-transition-and-appointment-of-managing-director-chile\/#primaryimage"},"thumbnailUrl":"https:\/\/marimaca.com\/wp-content\/uploads\/2020\/09\/20-9-28.jpg","datePublished":"2023-05-08T16:39:54+00:00","dateModified":"2026-03-24T11:01:38+00:00","author":{"@id":"https:\/\/marimaca.com\/es\/#\/schema\/person\/1b14a2c79ba226e74d6a7e418fe9e7b9"},"inLanguage":"es","potentialAction":[{"@type":"ReadAction","target":["https:\/\/marimaca.com\/es\/marimaca-announces-cfo-transition-and-appointment-of-managing-director-chile\/"]}]},{"@type":"ImageObject","inLanguage":"es","@id":"https:\/\/marimaca.com\/es\/marimaca-announces-cfo-transition-and-appointment-of-managing-director-chile\/#primaryimage","url":"https:\/\/marimaca.com\/wp-content\/uploads\/2020\/09\/20-9-28.jpg","contentUrl":"https:\/\/marimaca.com\/wp-content\/uploads\/2020\/09\/20-9-28.jpg","width":1920,"height":1440},{"@type":"WebSite","@id":"https:\/\/marimaca.com\/es\/#website","url":"https:\/\/marimaca.com\/es\/","name":"Marimaca","description":"The Marimaca Copper","potentialAction":[{"@type":"SearchAction","target":{"@type":"EntryPoint","urlTemplate":"https:\/\/marimaca.com\/es\/?s={search_term_string}"},"query-input":{"@type":"PropertyValueSpecification","valueRequired":true,"valueName":"search_term_string"}}],"inLanguage":"es"},{"@type":"Person","@id":"https:\/\/marimaca.com\/es\/#\/schema\/person\/1b14a2c79ba226e74d6a7e418fe9e7b9","name":"Antonio Serrano","image":{"@type":"ImageObject","inLanguage":"es","@id":"https:\/\/secure.gravatar.com\/avatar\/?s=96&d=mm&r=g","url":"https:\/\/secure.gravatar.com\/avatar\/?s=96&d=mm&r=g","contentUrl":"https:\/\/secure.gravatar.com\/avatar\/?s=96&d=mm&r=g","caption":"Antonio Serrano"},"url":"https:\/\/marimaca.com\/es\/author\/admin-marimaca\/"}]}},"_links":{"self":[{"href":"https:\/\/marimaca.com\/es\/wp-json\/wp\/v2\/posts\/7654","targetHints":{"allow":["GET"]}}],"collection":[{"href":"https:\/\/marimaca.com\/es\/wp-json\/wp\/v2\/posts"}],"about":[{"href":"https:\/\/marimaca.com\/es\/wp-json\/wp\/v2\/types\/post"}],"author":[{"embeddable":true,"href":"https:\/\/marimaca.com\/es\/wp-json\/wp\/v2\/users\/6"}],"replies":[{"embeddable":true,"href":"https:\/\/marimaca.com\/es\/wp-json\/wp\/v2\/comments?post=7654"}],"version-history":[{"count":1,"href":"https:\/\/marimaca.com\/es\/wp-json\/wp\/v2\/posts\/7654\/revisions"}],"predecessor-version":[{"id":10637,"href":"https:\/\/marimaca.com\/es\/wp-json\/wp\/v2\/posts\/7654\/revisions\/10637"}],"wp:featuredmedia":[{"embeddable":true,"href":"https:\/\/marimaca.com\/es\/wp-json\/wp\/v2\/media\/1057"}],"wp:attachment":[{"href":"https:\/\/marimaca.com\/es\/wp-json\/wp\/v2\/media?parent=7654"}],"wp:term":[{"taxonomy":"category","embeddable":true,"href":"https:\/\/marimaca.com\/es\/wp-json\/wp\/v2\/categories?post=7654"},{"taxonomy":"post_tag","embeddable":true,"href":"https:\/\/marimaca.com\/es\/wp-json\/wp\/v2\/tags?post=7654"},{"taxonomy":"period","embeddable":true,"href":"https:\/\/marimaca.com\/es\/wp-json\/wp\/v2\/period?post=7654"}],"curies":[{"name":"wp","href":"https:\/\/api.w.org\/{rel}","templated":true}]}}