{"id":10615,"date":"2024-10-08T06:30:17","date_gmt":"2024-10-08T10:30:17","guid":{"rendered":"https:\/\/marimaca.com\/?p=10615"},"modified":"2026-03-24T06:30:49","modified_gmt":"2026-03-24T10:30:49","slug":"marimaca-anuncia-la-adquisicion-del-proyecto-pampa-medina","status":"publish","type":"post","link":"https:\/\/marimaca.com\/es\/marimaca-anuncia-la-adquisicion-del-proyecto-pampa-medina\/","title":{"rendered":"Marimaca Anuncia la Adquisici\u00f3n del Proyecto Pampa Medina"},"content":{"rendered":"<p><b><span dir=\"auto\">Marimaca firma una opci\u00f3n vinculante para adquirir el proyecto Pampa Medina.\u00a0<\/span><\/b><\/p>\n<p><b><span dir=\"auto\">Vancouver, Columbia Brit\u00e1nica, 8 de octubre de 2024 \u2013 Marimaca Copper Corp. (\u201cMarimaca Copper\u201d o la \u201cCompa\u00f1\u00eda\u201d)\u00a0<\/span><\/b><span dir=\"auto\"><b>(TSX: MARI)\u00a0<\/b>se complace en anunciar la firma de un acuerdo de opci\u00f3n vinculante (el \u201c\u00a0<b>Acuerdo\u00a0<\/b>\u201d) para adquirir el proyecto Pampa Medina (\u201c\u00a0<b>Pampa Medina\u00a0<\/b>\u201d) de Sociedad Contractual Minera Elenita (\u201c\u00a0<b>SCM Elenita\u00a0<\/b>\u201d). Los detalles de la transacci\u00f3n se encuentran a continuaci\u00f3n en la secci\u00f3n \u201cResumen de la Transacci\u00f3n\u201d de este comunicado de prensa.<\/span><b><br \/>\n<\/b><b><\/b><b><\/b><b><\/b><b><\/b><\/p>\n<p><span dir=\"auto\">El proyecto Pampa Medina consta de 4 concesiones mineras que suman un total de 144 hect\u00e1reas. Pampa Medina se ubica en la parte sur del paquete de propiedades Sierra de Medina (\u201c\u00a0<\/span><b><span dir=\"auto\">SdM\u00a0<\/span><\/b><span dir=\"auto\">\u201d) de la Compa\u00f1\u00eda, que abarca 14.500 hect\u00e1reas (v\u00e9anse las figuras 1, 2 y 3), y se encuentra aproximadamente a 28 km de distancia y a unos 200 m de altitud con respecto a la infraestructura de procesamiento planificada por la Compa\u00f1\u00eda, tal como se define en el\u00a0<\/span><span dir=\"auto\">Estudio de Factibilidad Definitivo (\u201c\u00a0<b>DFS \u201d) del Yacimiento de \u00d3xido de Marimaca (\u201c\u00a0<\/b><\/span><b><span dir=\"auto\">MOD \u201d\u00a0<\/span><\/b><span dir=\"auto\">) (v\u00e9ase el comunicado de prensa del 16\u00a0de enero\u00a0de 2024).<\/span><b><\/b><\/p>\n<p><span dir=\"auto\">Pampa Medina alberga una estimaci\u00f3n hist\u00f3rica de recursos de cobre alojada en mineralizaci\u00f3n predominantemente de \u00f3xido, que no cumple con la Norma Nacional 43-101 (\u00a0<\/span><b><span dir=\"auto\">NI 43-101\u00a0<\/span><\/b><span dir=\"auto\">), la cual se detalla a continuaci\u00f3n en la Tabla 1 junto con la informaci\u00f3n t\u00e9cnica y regulatoria pertinente. Aproximadamente 41\u00a0000 m de datos hist\u00f3ricos de perforaci\u00f3n en Pampa Medina fueron heredados seg\u00fan el Acuerdo. La Compa\u00f1\u00eda ha iniciado un programa detallado de aseguramiento, control y validaci\u00f3n de la calidad, que se resume a continuaci\u00f3n. Marimaca Copper revisar\u00e1 los resultados del programa y definir\u00e1 los pr\u00f3ximos pasos con la intenci\u00f3n de publicar una primera estimaci\u00f3n de recursos en Pampa Medina a principios del primer trimestre de 2025.\u00a0<\/span><\/p>\n<p><b><i><span dir=\"auto\">Hayden Locke, presidente y director ejecutivo de Marimaca, coment\u00f3:\u00a0<\/span><\/i><\/b><\/p>\n<p><i><span dir=\"auto\">\u201cEsta adquisici\u00f3n se alinea con nuestra estrategia de aumentar nuestra base de recursos de cobre lixiviables para complementar el MOD, respaldar el crecimiento de la vida \u00fatil de la mina y, quiz\u00e1s m\u00e1s importante a\u00fan, apoyar nuestro objetivo de aumentar nuestra escala de producci\u00f3n a m\u00e1s de 50.000 toneladas de c\u00e1todo de cobre por a\u00f1o.\u00a0<\/span><\/i><\/p>\n<p><i><span dir=\"auto\">Un pilar fundamental de esta estrategia es la proximidad de los recursos a la infraestructura planificada para el desarrollo de MOD. Pampa Medina se encuentra a menos de 25 km del emplazamiento preferido para la planta de MOD, y existen varias rutas claras para un desarrollo sin\u00e9rgico que aproveche la infraestructura de MOD. Hemos realizado una evaluaci\u00f3n t\u00e9cnica y econ\u00f3mica inicial e interna para comprender c\u00f3mo se integra con la estrategia de desarrollo general y, como era de esperar, los resultados fueron positivos. Por consiguiente, dedicaremos tiempo adicional a considerar si esto podr\u00eda modificar nuestra estrategia de desarrollo base para MOD, que actualmente se est\u00e1 dise\u00f1ando en nuestro Estudio de Factibilidad Definitivo.<\/span><\/i><\/p>\n<p><i><span dir=\"auto\">Pampa Medina se ubica en medio de uno de nuestros objetivos de exploraci\u00f3n m\u00e1s prometedores, en SdM. Hemos completado estudios geol\u00f3gicos de superficie en el yacimiento hist\u00f3rico y sus alrededores, incluyendo varios estudios geof\u00edsicos, y nos entusiasma el potencial de extender la exploraci\u00f3n tanto a lo largo del rumbo hacia el norte y el sur, como en profundidad hacia el este-noreste.<\/span><\/i><\/p>\n<p><i><span dir=\"auto\">Finalmente, el equipo est\u00e1 perforando actualmente el yacimiento sat\u00e9lite Mercedes Target, que sigue siendo una parte fundamental de nuestra estrategia complementaria de crecimiento de recursos. Esperamos recibir los primeros resultados de esta campa\u00f1a en los pr\u00f3ximos meses, antes de que las plataformas se trasladen a SdM para probar nuestros diversos objetivos all\u00ed hasta finales de a\u00f1o.<\/span><\/i><\/p>\n<p><b><span dir=\"auto\">Tabla 1. Estimaci\u00f3n Hist\u00f3rica \u2013 Pampa Medina (tomado del Informe T\u00e9cnico Recursos Actualizados 2020, GeoInvest (\u201cGeoInvest, 2020\u201d)<\/span><\/b><\/p>\n<p><b><span dir=\"auto\">La estimaci\u00f3n hist\u00f3rica utiliza categor\u00edas CIM. La Persona Calificada (PC) no ha realizado el trabajo suficiente para clasificar la estimaci\u00f3n hist\u00f3rica como un recurso actual en esta etapa. La Compa\u00f1\u00eda no considera la estimaci\u00f3n hist\u00f3rica como un recurso actual y tiene la intenci\u00f3n de verificarla y actualizarla mediante un programa de trabajo planificado, descrito en la secci\u00f3n \u00abPrograma de Validaci\u00f3n\u00bb de este comunicado de prensa.\u00a0<\/span><\/b><\/p>\n<table class=\"table-responsive\" width=\"1634\">\n<tbody>\n<tr>\n<td><b><span dir=\"auto\">Categor\u00eda (GeoInvest, 2020)<\/span><\/b><\/td>\n<td><b><span dir=\"auto\">Toneladas<\/span><\/b><\/td>\n<td><b><span dir=\"auto\">Cortar (%)<\/span><\/b><\/td>\n<td><b><span dir=\"auto\">CuS (%)<\/span><\/b><\/td>\n<\/tr>\n<tr>\n<td><span dir=\"auto\">Indicado<\/span><\/td>\n<td><span dir=\"auto\">12.267.505<\/span><\/td>\n<td><span dir=\"auto\">0,857<\/span><\/td>\n<td><span dir=\"auto\">0,730<\/span><\/td>\n<\/tr>\n<tr>\n<td><span dir=\"auto\">Inferido<\/span><\/td>\n<td><span dir=\"auto\">28.053.957<\/span><\/td>\n<td><span dir=\"auto\">0,659<\/span><\/td>\n<td><span dir=\"auto\">0,558<\/span><\/td>\n<\/tr>\n<\/tbody>\n<\/table>\n<p>&nbsp;<\/p>\n<p><span dir=\"auto\">La estimaci\u00f3n hist\u00f3rica se inform\u00f3 con restricciones de tajo a trav\u00e9s de una optimizaci\u00f3n de tajo de Lerchs-Grossman utilizando las siguientes suposiciones: CuT es cobre total. CuS es cobre soluble en \u00e1cido. Estimaci\u00f3n hist\u00f3rica informada en un corte de 0,30 % CuT. Suposici\u00f3n de precio del cobre de US$3,00\/lb, costo de miner\u00eda de US$1,50\/t, costos de procesamiento de US$10,50\/t Cu, costos de extracci\u00f3n por solventes y electroobtenci\u00f3n de US$0,25\/lb Cu, suposici\u00f3n de recuperaci\u00f3n de (CuS*0,92+(CuT-CuS)*0,75)*CuT. La estimaci\u00f3n hist\u00f3rica incorpora 23.984 m de perforaci\u00f3n diamantina en 61 pozos de perforaci\u00f3n y 17.485 m de perforaci\u00f3n de circulaci\u00f3n inversa en 39 pozos de perforaci\u00f3n.<\/span><\/p>\n<p><b><span dir=\"auto\">Descripci\u00f3n general de la propiedad<\/span><\/b><\/p>\n<ul>\n<li aria-level=\"1\"><span dir=\"auto\">Paquete de terrenos de 144 hect\u00e1reas dentro del paquete de propiedades de exploraci\u00f3n m\u00e1s amplio de la Sierra de Medina de Marimaca.<\/span><\/li>\n<li aria-level=\"1\"><span dir=\"auto\">Ubicado en el dominio oriental del cintur\u00f3n de cobre costero de la regi\u00f3n de Antofagasta, que alberga grandes dep\u00f3sitos de cobre de estilo &#8216;Manto&#8217;, incluyendo la mina Mantos Blancos de Capstone Copper y el proyecto Cachorro de Antofagasta Minerals (Figura 4).<\/span><\/li>\n<li aria-level=\"1\"><span dir=\"auto\">La mineralizaci\u00f3n, observada hasta la fecha mediante el re-registro de testigos de perforaci\u00f3n hist\u00f3ricos, confirma una fuerte presencia de \u00f3xido de cobre (atacamita, crisocola) as\u00ed como calcocita primaria y secundaria.<\/span><\/li>\n<li aria-level=\"1\"><span dir=\"auto\">La mineralizaci\u00f3n conocida permanece abierta hacia el noreste, en direcci\u00f3n descendente, que se extiende hasta la posici\u00f3n de terreno propiedad al 100% de Marimaca Copper (Figura 2).<\/span><\/li>\n<li aria-level=\"1\"><span dir=\"auto\">Complementa el objetivo de Pias anunciado previamente dentro de la posici\u00f3n territorial m\u00e1s amplia de Sierra de Medina, donde actualmente se est\u00e1n realizando perforaciones de exploraci\u00f3n (ver Figura 3).<\/span><\/li>\n<li aria-level=\"1\"><span dir=\"auto\">Importante base de datos geol\u00f3gicos para aprovechar en la planificaci\u00f3n de futuras exploraciones en el \u00e1rea m\u00e1s amplia de la Sierra de Medina.<\/span><\/li>\n<\/ul>\n<p><b><span dir=\"auto\">Programa de validaci\u00f3n (en curso)<\/span><\/b><\/p>\n<ul>\n<li aria-level=\"1\"><span dir=\"auto\">Registro geol\u00f3gico de la base de datos hist\u00f3rica completa de perforaci\u00f3n diamantina<\/span><\/li>\n<li aria-level=\"1\"><span dir=\"auto\">Validaci\u00f3n GPS del collar de perforaci\u00f3n, validaci\u00f3n topogr\u00e1fica, validaci\u00f3n del levantamiento<\/span><\/li>\n<li aria-level=\"1\"><span dir=\"auto\">Programa de remuestreo y rean\u00e1lisis compar\u00e1ndolo con la base de datos hist\u00f3rica de an\u00e1lisis de perforaci\u00f3n diamantina.<\/span><\/li>\n<li aria-level=\"1\"><span dir=\"auto\">Reinterpretaci\u00f3n y reconstrucci\u00f3n del modelo geol\u00f3gico<\/span><\/li>\n<li aria-level=\"1\"><span dir=\"auto\">El lanzamiento de la primera raci\u00f3n de combate (MRE) est\u00e1 previsto para principios del primer trimestre de 2025.<\/span><\/li>\n<\/ul>\n<p><b><span dir=\"auto\">Resumen de la transacci\u00f3n<\/span><\/b><\/p>\n<ul>\n<li aria-level=\"1\"><span dir=\"auto\">Seg\u00fan los t\u00e9rminos del Acuerdo, Marimaca Copper pagar\u00e1 lo siguiente durante un plazo de opci\u00f3n de 5 a\u00f1os para adquirir el 100% de Pampa Medina. Marimaca Copper podr\u00e1 desistir y devolver los derechos de propiedad a SCM Elenita en cualquier momento.<\/span><\/li>\n<\/ul>\n<ul>\n<li>\n<ul>\n<li aria-level=\"1\"><span dir=\"auto\">150.000 d\u00f3lares estadounidenses al firmar<\/span><\/li>\n<li aria-level=\"1\"><span dir=\"auto\">350.000 d\u00f3lares estadounidenses en el primer aniversario de la firma.<\/span><\/li>\n<li aria-level=\"1\"><span dir=\"auto\">US$500.000 24 meses despu\u00e9s de la firma<\/span><\/li>\n<li aria-level=\"1\"><span dir=\"auto\">US$1.500.000 36 meses desde la firma<\/span><\/li>\n<li aria-level=\"1\"><span dir=\"auto\">US$2.500.000 48 meses despu\u00e9s de la firma<\/span><\/li>\n<li aria-level=\"1\"><span dir=\"auto\">7.000.000 de d\u00f3lares estadounidenses a 60 meses de la firma<\/span><\/li>\n<li aria-level=\"1\"><span dir=\"auto\">SCM Elenita conservar\u00e1 una regal\u00eda neta de fundici\u00f3n del 1,5% (\u00abNSR\u00bb) sobre la propiedad de Pampa Medina. Marimaca Copper tendr\u00e1 la posibilidad de recomprar el 1,0% de la NSR.<\/span><\/li>\n<\/ul>\n<\/li>\n<\/ul>\n<p><b><span dir=\"auto\">Figura 1: Posici\u00f3n del Terreno de Marimaca \u2013 Marimaca y Sierra de Medina<\/span><br \/>\n<img loading=\"lazy\" decoding=\"async\" class=\"aligncenter wp-image-8715 size-full lazyloaded\" src=\"https:\/\/marimaca.com\/wp-content\/uploads\/2024\/10\/unnamed-1.png\" sizes=\"auto, (max-width: 512px) 100vw, 512px\" srcset=\"https:\/\/marimaca.com\/wp-content\/uploads\/2024\/10\/unnamed-1.png 512w, https:\/\/marimaca.com\/wp-content\/uploads\/2024\/10\/unnamed-1-300x232.png 300w\" alt=\"\" width=\"512\" height=\"396\" data-ll-status=\"loaded\" \/><\/b><\/p>\n<p><b><span dir=\"auto\">Figura 2: Sierra de Medina \u2013 Propiedad Pampa Medina y Pias Target (ver comunicado de prensa del 27 de febrero de 2024)<\/span><\/b><\/p>\n<p><img loading=\"lazy\" decoding=\"async\" class=\"aligncenter wp-image-8711 size-full lazyloaded\" src=\"https:\/\/marimaca.com\/wp-content\/uploads\/2024\/10\/unnamed-2.jpg\" sizes=\"auto, (max-width: 324px) 100vw, 324px\" srcset=\"https:\/\/marimaca.com\/wp-content\/uploads\/2024\/10\/unnamed-2.jpg 324w, https:\/\/marimaca.com\/wp-content\/uploads\/2024\/10\/unnamed-2-190x300.jpg 190w\" alt=\"\" width=\"324\" height=\"512\" data-ll-status=\"loaded\" \/><\/p>\n<p><b><span dir=\"auto\">Figura 3: Pampa Medina \u2013 Perforaciones hist\u00f3ricas<\/span><\/b><\/p>\n<p><img loading=\"lazy\" decoding=\"async\" class=\"aligncenter wp-image-8713 size-full lazyloaded\" src=\"https:\/\/marimaca.com\/wp-content\/uploads\/2024\/10\/unnamed-3.jpg\" sizes=\"auto, (max-width: 512px) 100vw, 512px\" srcset=\"https:\/\/marimaca.com\/wp-content\/uploads\/2024\/10\/unnamed-3.jpg 512w, https:\/\/marimaca.com\/wp-content\/uploads\/2024\/10\/unnamed-3-300x189.jpg 300w\" alt=\"\" width=\"512\" height=\"323\" data-ll-status=\"loaded\" \/><\/p>\n<p><b><span dir=\"auto\">Figura 4: Contexto geol\u00f3gico regional<\/span><br \/>\n<img loading=\"lazy\" decoding=\"async\" class=\"aligncenter wp-image-8717 size-full lazyloaded\" src=\"https:\/\/marimaca.com\/wp-content\/uploads\/2024\/10\/unnamed-4.png\" sizes=\"auto, (max-width: 512px) 100vw, 512px\" srcset=\"https:\/\/marimaca.com\/wp-content\/uploads\/2024\/10\/unnamed-4.png 512w, https:\/\/marimaca.com\/wp-content\/uploads\/2024\/10\/unnamed-4-300x182.png 300w\" alt=\"\" width=\"512\" height=\"310\" data-ll-status=\"loaded\" \/><br \/>\n<\/b><\/p>\n<p><b><span dir=\"auto\">Persona cualificada<\/span><\/b><\/p>\n<p><span dir=\"auto\">La informaci\u00f3n t\u00e9cnica contenida en este comunicado de prensa ha sido revisada y aprobada por Sergio Rivera, vicepresidente de Exploraci\u00f3n de Marimaca Copper Corp., ge\u00f3logo con m\u00e1s de 35 a\u00f1os de experiencia y miembro registrado de la Comisi\u00f3n Minera (Comisi\u00f3n Minera de Chile), as\u00ed como miembro del Colegio de Ge\u00f3logos de Chile, del Instituto de Ingenieros de Minas de Chile y de la Sociedad de Ge\u00f3logos Econ\u00f3micos de EE. UU., y Persona Calificada para los fines de la NI 43-101. Como se indic\u00f3 anteriormente, la Persona Calificada (PC) no ha realizado el trabajo suficiente para clasificar la estimaci\u00f3n hist\u00f3rica presentada en este comunicado de prensa como un recurso actual.<\/span><\/p>\n<p><b><span dir=\"auto\">Informaci\u00f3n del contacto<\/span><\/b><\/p>\n<p><span dir=\"auto\">Para obtener m\u00e1s informaci\u00f3n, visite www.marimaca.com o p\u00f3ngase en contacto con:<\/span><\/p>\n<p><b><span dir=\"auto\">Tavistock<\/span><br \/>\n<\/b><b><span dir=\"auto\">+44 (0) 207 920 3150<\/span><br \/>\n<\/b><span dir=\"auto\">Jos Simpson \/ Adam Baynes<\/span><br \/>\n<span dir=\"auto\">marimaca@tavistock.co.uk<\/span><\/p>\n<p><b><span dir=\"auto\">Declaraciones prospectivas<\/span><\/b><\/p>\n<p><span dir=\"auto\">Este comunicado de prensa incluye ciertas \u00abdeclaraciones prospectivas\u00bb conforme a la legislaci\u00f3n canadiense aplicable en materia de valores, incluyendo, entre otras, declaraciones sobre la viabilidad a largo plazo de la adquisici\u00f3n de la propiedad Pampa Medina, la capacidad de Marimaca Copper para completar los pagos contemplados en el Acuerdo, las actividades de exploraci\u00f3n, los programas de trabajo planificados, la capacidad de Marimaca Copper para aumentar su objetivo de producci\u00f3n a m\u00e1s de 50\u00a0000 toneladas de c\u00e1todo de cobre al a\u00f1o, la sinergia esperada de Pampa Medina con el MOD de Marimaca, el potencial para extender la exploraci\u00f3n, los programas de perforaci\u00f3n planificados y las actividades de desarrollo en el MOD. No se puede garantizar que dichas declaraciones sean precisas, y los resultados reales y los eventos futuros podr\u00edan diferir sustancialmente de los previstos en dichas declaraciones. Las declaraciones prospectivas reflejan las creencias, opiniones y proyecciones a la fecha de su emisi\u00f3n y se basan en una serie de supuestos y estimaciones que, si bien Marimaca Copper considera razonables, est\u00e1n inherentemente sujetas a importantes incertidumbres y contingencias comerciales, econ\u00f3micas, competitivas, pol\u00edticas y sociales. Muchos factores, tanto conocidos como desconocidos, podr\u00edan causar que los resultados, el desempe\u00f1o o los logros reales sean sustancialmente diferentes de los resultados, el desempe\u00f1o o los logros que se expresan o se infieren en dichas declaraciones prospectivas, y las partes han realizado suposiciones y estimaciones basadas en muchos de estos factores o relacionadas con ellos. Estos factores incluyen, entre otros: riesgos de que las actividades de exploraci\u00f3n y desarrollo en Mercedes y MOD no avancen seg\u00fan lo previsto, o no avancen en absoluto; riesgos de que el Estudio de Viabilidad Definitivo (DFS) no se complete seg\u00fan lo previsto, o no avance en absoluto; riesgos de que la solicitud de permisos del proyecto MOD no se presente seg\u00fan lo previsto, o no avance en absoluto; riesgos relacionados con el precio de las acciones y las condiciones del mercado; los riesgos inherentes a la miner\u00eda, exploraci\u00f3n y desarrollo de propiedades minerales; las incertidumbres relacionadas con la interpretaci\u00f3n de los resultados de perforaci\u00f3n y otros datos geol\u00f3gicos; la fluctuaci\u00f3n de los precios de los metales; la posibilidad de retrasos en el proyecto o sobrecostos o costos y gastos operativos excesivos imprevistos; incertidumbres relacionadas con la necesidad de financiamiento; incertidumbres relacionadas con el procedimiento regulatorio y los plazos para las solicitudes y revisiones de permisos; la disponibilidad y los costos del financiamiento necesario en el futuro; as\u00ed como aquellos factores divulgados en el formulario de informaci\u00f3n anual de la Compa\u00f1\u00eda con fecha del 28 de marzo de 2024 y otros documentos presentados por la Compa\u00f1\u00eda ante las autoridades reguladoras de valores canadienses (que pueden consultarse en www.sedar.com). Los lectores no deben confiar indebidamente en las declaraciones prospectivas. Marimaca Copper no asume ninguna obligaci\u00f3n de actualizar p\u00fablicamente ni de revisar de otro modo las declaraciones prospectivas contenidas en este documento, ya sea como resultado de nueva informaci\u00f3n o eventos futuros o de otro modo, excepto cuando as\u00ed lo exija la ley.<\/span><\/p>\n<p><span dir=\"auto\">Ni la Bolsa de Valores de Toronto (TSX) ni la Organizaci\u00f3n Reguladora de Inversiones de Canad\u00e1 asumen responsabilidad alguna por la idoneidad o exactitud de este comunicado.<\/span><\/p>\n","protected":false},"excerpt":{"rendered":"<p>Marimaca firma una opci\u00f3n vinculante para adquirir el proyecto Pampa Medina.\u00a0 Vancouver, Columbia Brit\u00e1nica, 8 de octubre de 2024 \u2013 Marimaca Copper Corp. (\u201cMarimaca Copper\u201d o la \u201cCompa\u00f1\u00eda\u201d)\u00a0(TSX: MARI)\u00a0se complace en anunciar la firma de un acuerdo de opci\u00f3n vinculante (el \u201c\u00a0Acuerdo\u00a0\u201d) para adquirir el proyecto Pampa Medina (\u201c\u00a0Pampa Medina\u00a0\u201d) de Sociedad Contractual Minera Elenita [&hellip;]<\/p>\n","protected":false},"author":14,"featured_media":8591,"comment_status":"closed","ping_status":"closed","sticky":false,"template":"","format":"standard","meta":{"_acf_changed":false,"inline_featured_image":false,"footnotes":""},"categories":[3],"tags":[],"period":[124],"class_list":["post-10615","post","type-post","status-publish","format-standard","has-post-thumbnail","hentry","category-sin-categorizar","period-124"],"acf":[],"yoast_head":"<!-- This site is optimized with the Yoast SEO plugin v27.4 - https:\/\/yoast.com\/product\/yoast-seo-wordpress\/ -->\n<title>Marimaca Anuncia la Adquisici\u00f3n del Proyecto Pampa Medina - Marimaca<\/title>\n<meta name=\"robots\" content=\"index, follow, max-snippet:-1, max-image-preview:large, max-video-preview:-1\" \/>\n<link rel=\"canonical\" href=\"https:\/\/marimaca.com\/es\/marimaca-anuncia-la-adquisicion-del-proyecto-pampa-medina\/\" \/>\n<meta property=\"og:locale\" content=\"es_ES\" \/>\n<meta property=\"og:type\" content=\"article\" \/>\n<meta property=\"og:title\" content=\"Marimaca Anuncia la Adquisici\u00f3n del Proyecto Pampa Medina - Marimaca\" \/>\n<meta property=\"og:description\" content=\"Marimaca firma una opci\u00f3n vinculante para adquirir el proyecto Pampa Medina.\u00a0 Vancouver, Columbia Brit\u00e1nica, 8 de octubre de 2024 \u2013 Marimaca Copper Corp. (\u201cMarimaca Copper\u201d o la \u201cCompa\u00f1\u00eda\u201d)\u00a0(TSX: MARI)\u00a0se complace en anunciar la firma de un acuerdo de opci\u00f3n vinculante (el \u201c\u00a0Acuerdo\u00a0\u201d) para adquirir el proyecto Pampa Medina (\u201c\u00a0Pampa Medina\u00a0\u201d) de Sociedad Contractual Minera Elenita [&hellip;]\" \/>\n<meta property=\"og:url\" content=\"https:\/\/marimaca.com\/es\/marimaca-anuncia-la-adquisicion-del-proyecto-pampa-medina\/\" \/>\n<meta property=\"og:site_name\" content=\"Marimaca\" \/>\n<meta property=\"article:published_time\" content=\"2024-10-08T10:30:17+00:00\" \/>\n<meta property=\"article:modified_time\" content=\"2026-03-24T10:30:49+00:00\" \/>\n<meta property=\"og:image\" content=\"https:\/\/marimaca.com\/wp-content\/uploads\/2024\/07\/figura-05-1024x708.png\" \/>\n\t<meta property=\"og:image:width\" content=\"1024\" \/>\n\t<meta property=\"og:image:height\" content=\"708\" \/>\n\t<meta property=\"og:image:type\" content=\"image\/png\" \/>\n<meta name=\"author\" content=\"Krishan Patel\" \/>\n<meta name=\"twitter:card\" content=\"summary_large_image\" \/>\n<meta name=\"twitter:label1\" content=\"Escrito por\" \/>\n\t<meta name=\"twitter:data1\" content=\"Krishan Patel\" \/>\n\t<meta name=\"twitter:label2\" content=\"Tiempo de lectura\" \/>\n\t<meta name=\"twitter:data2\" content=\"9 minutos\" \/>\n<script type=\"application\/ld+json\" class=\"yoast-schema-graph\">{\"@context\":\"https:\\\/\\\/schema.org\",\"@graph\":[{\"@type\":\"Article\",\"@id\":\"https:\\\/\\\/marimaca.com\\\/es\\\/marimaca-anuncia-la-adquisicion-del-proyecto-pampa-medina\\\/#article\",\"isPartOf\":{\"@id\":\"https:\\\/\\\/marimaca.com\\\/es\\\/marimaca-anuncia-la-adquisicion-del-proyecto-pampa-medina\\\/\"},\"author\":{\"name\":\"Krishan Patel\",\"@id\":\"https:\\\/\\\/marimaca.com\\\/es\\\/#\\\/schema\\\/person\\\/3b0765cb35fb867fa1121f1098b7a596\"},\"headline\":\"Marimaca Anuncia la Adquisici\u00f3n del Proyecto Pampa Medina\",\"datePublished\":\"2024-10-08T10:30:17+00:00\",\"dateModified\":\"2026-03-24T10:30:49+00:00\",\"mainEntityOfPage\":{\"@id\":\"https:\\\/\\\/marimaca.com\\\/es\\\/marimaca-anuncia-la-adquisicion-del-proyecto-pampa-medina\\\/\"},\"wordCount\":2006,\"image\":{\"@id\":\"https:\\\/\\\/marimaca.com\\\/es\\\/marimaca-anuncia-la-adquisicion-del-proyecto-pampa-medina\\\/#primaryimage\"},\"thumbnailUrl\":\"https:\\\/\\\/marimaca.com\\\/wp-content\\\/uploads\\\/2024\\\/07\\\/figura-05.png\",\"articleSection\":[\"Sin categorizar\"],\"inLanguage\":\"es\"},{\"@type\":\"WebPage\",\"@id\":\"https:\\\/\\\/marimaca.com\\\/es\\\/marimaca-anuncia-la-adquisicion-del-proyecto-pampa-medina\\\/\",\"url\":\"https:\\\/\\\/marimaca.com\\\/es\\\/marimaca-anuncia-la-adquisicion-del-proyecto-pampa-medina\\\/\",\"name\":\"Marimaca Anuncia la Adquisici\u00f3n del Proyecto Pampa Medina - Marimaca\",\"isPartOf\":{\"@id\":\"https:\\\/\\\/marimaca.com\\\/es\\\/#website\"},\"primaryImageOfPage\":{\"@id\":\"https:\\\/\\\/marimaca.com\\\/es\\\/marimaca-anuncia-la-adquisicion-del-proyecto-pampa-medina\\\/#primaryimage\"},\"image\":{\"@id\":\"https:\\\/\\\/marimaca.com\\\/es\\\/marimaca-anuncia-la-adquisicion-del-proyecto-pampa-medina\\\/#primaryimage\"},\"thumbnailUrl\":\"https:\\\/\\\/marimaca.com\\\/wp-content\\\/uploads\\\/2024\\\/07\\\/figura-05.png\",\"datePublished\":\"2024-10-08T10:30:17+00:00\",\"dateModified\":\"2026-03-24T10:30:49+00:00\",\"author\":{\"@id\":\"https:\\\/\\\/marimaca.com\\\/es\\\/#\\\/schema\\\/person\\\/3b0765cb35fb867fa1121f1098b7a596\"},\"inLanguage\":\"es\",\"potentialAction\":[{\"@type\":\"ReadAction\",\"target\":[\"https:\\\/\\\/marimaca.com\\\/es\\\/marimaca-anuncia-la-adquisicion-del-proyecto-pampa-medina\\\/\"]}]},{\"@type\":\"ImageObject\",\"inLanguage\":\"es\",\"@id\":\"https:\\\/\\\/marimaca.com\\\/es\\\/marimaca-anuncia-la-adquisicion-del-proyecto-pampa-medina\\\/#primaryimage\",\"url\":\"https:\\\/\\\/marimaca.com\\\/wp-content\\\/uploads\\\/2024\\\/07\\\/figura-05.png\",\"contentUrl\":\"https:\\\/\\\/marimaca.com\\\/wp-content\\\/uploads\\\/2024\\\/07\\\/figura-05.png\",\"width\":1250,\"height\":864},{\"@type\":\"WebSite\",\"@id\":\"https:\\\/\\\/marimaca.com\\\/es\\\/#website\",\"url\":\"https:\\\/\\\/marimaca.com\\\/es\\\/\",\"name\":\"Marimaca\",\"description\":\"The Marimaca Copper\",\"potentialAction\":[{\"@type\":\"SearchAction\",\"target\":{\"@type\":\"EntryPoint\",\"urlTemplate\":\"https:\\\/\\\/marimaca.com\\\/es\\\/?s={search_term_string}\"},\"query-input\":{\"@type\":\"PropertyValueSpecification\",\"valueRequired\":true,\"valueName\":\"search_term_string\"}}],\"inLanguage\":\"es\"},{\"@type\":\"Person\",\"@id\":\"https:\\\/\\\/marimaca.com\\\/es\\\/#\\\/schema\\\/person\\\/3b0765cb35fb867fa1121f1098b7a596\",\"name\":\"Krishan Patel\",\"image\":{\"@type\":\"ImageObject\",\"inLanguage\":\"es\",\"@id\":\"https:\\\/\\\/secure.gravatar.com\\\/avatar\\\/b06adaf83dfe527c643000ccec262fefa2bd5ddb5bed3f4bd566bfa3a0f5492d?s=96&d=mm&r=g\",\"url\":\"https:\\\/\\\/secure.gravatar.com\\\/avatar\\\/b06adaf83dfe527c643000ccec262fefa2bd5ddb5bed3f4bd566bfa3a0f5492d?s=96&d=mm&r=g\",\"contentUrl\":\"https:\\\/\\\/secure.gravatar.com\\\/avatar\\\/b06adaf83dfe527c643000ccec262fefa2bd5ddb5bed3f4bd566bfa3a0f5492d?s=96&d=mm&r=g\",\"caption\":\"Krishan Patel\"},\"url\":\"https:\\\/\\\/marimaca.com\\\/es\\\/author\\\/krishan-patel\\\/\"}]}<\/script>\n<!-- \/ Yoast SEO plugin. -->","yoast_head_json":{"title":"Marimaca Anuncia la Adquisici\u00f3n del Proyecto Pampa Medina - Marimaca","robots":{"index":"index","follow":"follow","max-snippet":"max-snippet:-1","max-image-preview":"max-image-preview:large","max-video-preview":"max-video-preview:-1"},"canonical":"https:\/\/marimaca.com\/es\/marimaca-anuncia-la-adquisicion-del-proyecto-pampa-medina\/","og_locale":"es_ES","og_type":"article","og_title":"Marimaca Anuncia la Adquisici\u00f3n del Proyecto Pampa Medina - Marimaca","og_description":"Marimaca firma una opci\u00f3n vinculante para adquirir el proyecto Pampa Medina.\u00a0 Vancouver, Columbia Brit\u00e1nica, 8 de octubre de 2024 \u2013 Marimaca Copper Corp. (\u201cMarimaca Copper\u201d o la \u201cCompa\u00f1\u00eda\u201d)\u00a0(TSX: MARI)\u00a0se complace en anunciar la firma de un acuerdo de opci\u00f3n vinculante (el \u201c\u00a0Acuerdo\u00a0\u201d) para adquirir el proyecto Pampa Medina (\u201c\u00a0Pampa Medina\u00a0\u201d) de Sociedad Contractual Minera Elenita [&hellip;]","og_url":"https:\/\/marimaca.com\/es\/marimaca-anuncia-la-adquisicion-del-proyecto-pampa-medina\/","og_site_name":"Marimaca","article_published_time":"2024-10-08T10:30:17+00:00","article_modified_time":"2026-03-24T10:30:49+00:00","og_image":[{"width":1024,"height":708,"url":"https:\/\/marimaca.com\/wp-content\/uploads\/2024\/07\/figura-05-1024x708.png","type":"image\/png"}],"author":"Krishan Patel","twitter_card":"summary_large_image","twitter_misc":{"Escrito por":"Krishan Patel","Tiempo de lectura":"9 minutos"},"schema":{"@context":"https:\/\/schema.org","@graph":[{"@type":"Article","@id":"https:\/\/marimaca.com\/es\/marimaca-anuncia-la-adquisicion-del-proyecto-pampa-medina\/#article","isPartOf":{"@id":"https:\/\/marimaca.com\/es\/marimaca-anuncia-la-adquisicion-del-proyecto-pampa-medina\/"},"author":{"name":"Krishan Patel","@id":"https:\/\/marimaca.com\/es\/#\/schema\/person\/3b0765cb35fb867fa1121f1098b7a596"},"headline":"Marimaca Anuncia la Adquisici\u00f3n del Proyecto Pampa Medina","datePublished":"2024-10-08T10:30:17+00:00","dateModified":"2026-03-24T10:30:49+00:00","mainEntityOfPage":{"@id":"https:\/\/marimaca.com\/es\/marimaca-anuncia-la-adquisicion-del-proyecto-pampa-medina\/"},"wordCount":2006,"image":{"@id":"https:\/\/marimaca.com\/es\/marimaca-anuncia-la-adquisicion-del-proyecto-pampa-medina\/#primaryimage"},"thumbnailUrl":"https:\/\/marimaca.com\/wp-content\/uploads\/2024\/07\/figura-05.png","articleSection":["Sin categorizar"],"inLanguage":"es"},{"@type":"WebPage","@id":"https:\/\/marimaca.com\/es\/marimaca-anuncia-la-adquisicion-del-proyecto-pampa-medina\/","url":"https:\/\/marimaca.com\/es\/marimaca-anuncia-la-adquisicion-del-proyecto-pampa-medina\/","name":"Marimaca Anuncia la Adquisici\u00f3n del Proyecto Pampa Medina - Marimaca","isPartOf":{"@id":"https:\/\/marimaca.com\/es\/#website"},"primaryImageOfPage":{"@id":"https:\/\/marimaca.com\/es\/marimaca-anuncia-la-adquisicion-del-proyecto-pampa-medina\/#primaryimage"},"image":{"@id":"https:\/\/marimaca.com\/es\/marimaca-anuncia-la-adquisicion-del-proyecto-pampa-medina\/#primaryimage"},"thumbnailUrl":"https:\/\/marimaca.com\/wp-content\/uploads\/2024\/07\/figura-05.png","datePublished":"2024-10-08T10:30:17+00:00","dateModified":"2026-03-24T10:30:49+00:00","author":{"@id":"https:\/\/marimaca.com\/es\/#\/schema\/person\/3b0765cb35fb867fa1121f1098b7a596"},"inLanguage":"es","potentialAction":[{"@type":"ReadAction","target":["https:\/\/marimaca.com\/es\/marimaca-anuncia-la-adquisicion-del-proyecto-pampa-medina\/"]}]},{"@type":"ImageObject","inLanguage":"es","@id":"https:\/\/marimaca.com\/es\/marimaca-anuncia-la-adquisicion-del-proyecto-pampa-medina\/#primaryimage","url":"https:\/\/marimaca.com\/wp-content\/uploads\/2024\/07\/figura-05.png","contentUrl":"https:\/\/marimaca.com\/wp-content\/uploads\/2024\/07\/figura-05.png","width":1250,"height":864},{"@type":"WebSite","@id":"https:\/\/marimaca.com\/es\/#website","url":"https:\/\/marimaca.com\/es\/","name":"Marimaca","description":"The Marimaca Copper","potentialAction":[{"@type":"SearchAction","target":{"@type":"EntryPoint","urlTemplate":"https:\/\/marimaca.com\/es\/?s={search_term_string}"},"query-input":{"@type":"PropertyValueSpecification","valueRequired":true,"valueName":"search_term_string"}}],"inLanguage":"es"},{"@type":"Person","@id":"https:\/\/marimaca.com\/es\/#\/schema\/person\/3b0765cb35fb867fa1121f1098b7a596","name":"Krishan Patel","image":{"@type":"ImageObject","inLanguage":"es","@id":"https:\/\/secure.gravatar.com\/avatar\/b06adaf83dfe527c643000ccec262fefa2bd5ddb5bed3f4bd566bfa3a0f5492d?s=96&d=mm&r=g","url":"https:\/\/secure.gravatar.com\/avatar\/b06adaf83dfe527c643000ccec262fefa2bd5ddb5bed3f4bd566bfa3a0f5492d?s=96&d=mm&r=g","contentUrl":"https:\/\/secure.gravatar.com\/avatar\/b06adaf83dfe527c643000ccec262fefa2bd5ddb5bed3f4bd566bfa3a0f5492d?s=96&d=mm&r=g","caption":"Krishan Patel"},"url":"https:\/\/marimaca.com\/es\/author\/krishan-patel\/"}]}},"_links":{"self":[{"href":"https:\/\/marimaca.com\/es\/wp-json\/wp\/v2\/posts\/10615","targetHints":{"allow":["GET"]}}],"collection":[{"href":"https:\/\/marimaca.com\/es\/wp-json\/wp\/v2\/posts"}],"about":[{"href":"https:\/\/marimaca.com\/es\/wp-json\/wp\/v2\/types\/post"}],"author":[{"embeddable":true,"href":"https:\/\/marimaca.com\/es\/wp-json\/wp\/v2\/users\/14"}],"replies":[{"embeddable":true,"href":"https:\/\/marimaca.com\/es\/wp-json\/wp\/v2\/comments?post=10615"}],"version-history":[{"count":1,"href":"https:\/\/marimaca.com\/es\/wp-json\/wp\/v2\/posts\/10615\/revisions"}],"predecessor-version":[{"id":10616,"href":"https:\/\/marimaca.com\/es\/wp-json\/wp\/v2\/posts\/10615\/revisions\/10616"}],"wp:featuredmedia":[{"embeddable":true,"href":"https:\/\/marimaca.com\/es\/wp-json\/wp\/v2\/media\/8591"}],"wp:attachment":[{"href":"https:\/\/marimaca.com\/es\/wp-json\/wp\/v2\/media?parent=10615"}],"wp:term":[{"taxonomy":"category","embeddable":true,"href":"https:\/\/marimaca.com\/es\/wp-json\/wp\/v2\/categories?post=10615"},{"taxonomy":"post_tag","embeddable":true,"href":"https:\/\/marimaca.com\/es\/wp-json\/wp\/v2\/tags?post=10615"},{"taxonomy":"period","embeddable":true,"href":"https:\/\/marimaca.com\/es\/wp-json\/wp\/v2\/period?post=10615"}],"curies":[{"name":"wp","href":"https:\/\/api.w.org\/{rel}","templated":true}]}}